{"id":1025,"date":"2021-02-08T13:52:00","date_gmt":"2021-02-08T12:52:00","guid":{"rendered":"http:\/\/www.elcarmel.org\/?p=1025"},"modified":"2021-02-08T13:52:00","modified_gmt":"2021-02-08T12:52:00","slug":"el-rei-carnestoltes-ha-arribat-al-carmel","status":"publish","type":"post","link":"https:\/\/www.elcarmel.org\/?p=1025","title":{"rendered":"El Rei Carnestoltes ha arribat al Carmel"},"content":{"rendered":"\n<figure class=\"wp-block-image size-large\"><img loading=\"lazy\" decoding=\"async\" width=\"512\" height=\"1024\" src=\"https:\/\/www.elcarmel.org\/wp-content\/uploads\/2021\/02\/1612462803_carnaval2021-carmel-512x1024.jpg\" alt=\"\" class=\"wp-image-1026\" srcset=\"https:\/\/www.elcarmel.org\/wp-content\/uploads\/2021\/02\/1612462803_carnaval2021-carmel-512x1024.jpg 512w, https:\/\/www.elcarmel.org\/wp-content\/uploads\/2021\/02\/1612462803_carnaval2021-carmel-150x300.jpg 150w, https:\/\/www.elcarmel.org\/wp-content\/uploads\/2021\/02\/1612462803_carnaval2021-carmel-768x1536.jpg 768w, https:\/\/www.elcarmel.org\/wp-content\/uploads\/2021\/02\/1612462803_carnaval2021-carmel-1024x2048.jpg 1024w, https:\/\/www.elcarmel.org\/wp-content\/uploads\/2021\/02\/1612462803_carnaval2021-carmel.jpg 1200w\" sizes=\"auto, (max-width: 512px) 100vw, 512px\" \/><figcaption>CARNAVAL CARMEL febrer 2021<br><br>El\u00a0Rei Carnestoltes\u00a0ha arribat al Carmel i les seg\u00fcents ordres ens ha manat:<br><br>&#8211;<strong>Dilluns 8<\/strong>\u00a0comen\u00e7a la setmana mostrant el teu\u00a0<strong>pijama<\/strong>!<br>&#8211;<strong>Dimarts 9<\/strong>\u00a0amb 3 elements t\u2019haur\u00e0s de disfressar:\u00a0<strong>rotllo de paper, tovallola i colador.<\/strong><br>&#8211;<strong>Dimecres 10<\/strong>, vergonya no passar\u00e0s tot i que amb la\u00a0<strong>roba interior<\/strong>\u00a0a sobre portar\u00e0s.<br>&#8211;<strong>Dijous 11<\/strong>, no \u00e9s el torn de la paella, \u00e9s el dia de l\u2019<strong>abella<\/strong>. Per convertir-t\u2019hi f\u00e0cilment, tens el tutorial a l\u2019Instagram @carnavalcarmel.<br>&#8211;<strong>Divendres 12<\/strong>, tapa\u2019t el cap de manera original i posa\u2019t ulleres ben singulars!<br>-i\u00a0<strong>Dissabte 13<\/strong>\u2026 El Rei Carnestoltes et vol veure creatiu per aix\u00f2 mana que LLUEIXIS LA\u00a0<strong>DISFRESSA DEL TEU ESTIL<\/strong>!<br><br>Participa\u00a0al\u00a0<strong>Concurs de disfresses<\/strong>\u00a0tot seguint les ordres del Rei Carnestoltes. Pots guanyar cada dia 30 \u20ac en vals<br>\u00a0<br>Pots consultar totes les bases del concurs a la p\u00e0gina web dels diferents equipaments organitzadors.<br><br>Organitzaci\u00f3:<br>Comissi\u00f3 Carnaval Carmel (entitats i equipaments del Carmel)<br><br>Hi\u00a0col\u00b7labora:Districte d&#8217;Horta-guinard\u00f3<br><br><br><strong>Inici d&#8217;inscripci\u00f3:\u00a0<\/strong>08\/02\/2021<br><strong>Fi d&#8217;inscripci\u00f3:\u00a0<\/strong>13\/02\/2021<\/figcaption><\/figure>\n","protected":false},"excerpt":{"rendered":"","protected":false},"author":1,"featured_media":0,"comment_status":"open","ping_status":"open","sticky":false,"template":"","format":"standard","meta":{"ngg_post_thumbnail":0,"footnotes":""},"categories":[1],"tags":[],"class_list":["post-1025","post","type-post","status-publish","format-standard","hentry","category-sin-categoria"],"_links":{"self":[{"href":"https:\/\/www.elcarmel.org\/index.php?rest_route=\/wp\/v2\/posts\/1025","targetHints":{"allow":["GET"]}}],"collection":[{"href":"https:\/\/www.elcarmel.org\/index.php?rest_route=\/wp\/v2\/posts"}],"about":[{"href":"https:\/\/www.elcarmel.org\/index.php?rest_route=\/wp\/v2\/types\/post"}],"author":[{"embeddable":true,"href":"https:\/\/www.elcarmel.org\/index.php?rest_route=\/wp\/v2\/users\/1"}],"replies":[{"embeddable":true,"href":"https:\/\/www.elcarmel.org\/index.php?rest_route=%2Fwp%2Fv2%2Fcomments&post=1025"}],"version-history":[{"count":1,"href":"https:\/\/www.elcarmel.org\/index.php?rest_route=\/wp\/v2\/posts\/1025\/revisions"}],"predecessor-version":[{"id":1027,"href":"https:\/\/www.elcarmel.org\/index.php?rest_route=\/wp\/v2\/posts\/1025\/revisions\/1027"}],"wp:attachment":[{"href":"https:\/\/www.elcarmel.org\/index.php?rest_route=%2Fwp%2Fv2%2Fmedia&parent=1025"}],"wp:term":[{"taxonomy":"category","embeddable":true,"href":"https:\/\/www.elcarmel.org\/index.php?rest_route=%2Fwp%2Fv2%2Fcategories&post=1025"},{"taxonomy":"post_tag","embeddable":true,"href":"https:\/\/www.elcarmel.org\/index.php?rest_route=%2Fwp%2Fv2%2Ftags&post=1025"}],"curies":[{"name":"wp","href":"https:\/\/api.w.org\/{rel}","templated":true}]}}