{"id":1155,"date":"2022-01-13T11:16:47","date_gmt":"2022-01-13T10:16:47","guid":{"rendered":"http:\/\/www.elcarmel.org\/?p=1155"},"modified":"2022-01-13T11:16:47","modified_gmt":"2022-01-13T10:16:47","slug":"magazine-carmel","status":"publish","type":"post","link":"https:\/\/www.elcarmel.org\/?p=1155","title":{"rendered":"Magazine Carmel"},"content":{"rendered":"\n<p>Ahir es va estrenar el Magazine Carmel a trav\u00e9s de La Ve\u00efnal ! Una proposta de v\u00eddeo participatiu amb les entitats, equipaments i ve\u00efnes del barri per donar veu de manera directe a les seves protagonistes! #comunicantcarmel #magazineTVcarmel.<\/p>\n\n\n\n<figure class=\"wp-block-embed is-type-video is-provider-youtube wp-block-embed-youtube wp-embed-aspect-16-9 wp-has-aspect-ratio\"><div class=\"wp-block-embed__wrapper\">\n<iframe loading=\"lazy\" title=\"MagazineTV Carmel [1]\" width=\"660\" height=\"371\" src=\"https:\/\/www.youtube.com\/embed\/mtuAR7uQpvA?list=UUW9mwajyhOeyenac7kigIMw\" frameborder=\"0\" allow=\"accelerometer; autoplay; clipboard-write; encrypted-media; gyroscope; picture-in-picture; web-share\" referrerpolicy=\"strict-origin-when-cross-origin\" allowfullscreen><\/iframe>\n<\/div><\/figure>\n","protected":false},"excerpt":{"rendered":"<p>Ahir es va estrenar el Magazine Carmel a trav\u00e9s de La Ve\u00efnal ! Una proposta de v\u00eddeo participatiu amb les entitats, equipaments i ve\u00efnes del barri per donar veu de manera directe a les seves protagonistes! #comunicantcarmel #magazineTVcarmel.<\/p>\n","protected":false},"author":1,"featured_media":0,"comment_status":"open","ping_status":"open","sticky":false,"template":"","format":"standard","meta":{"ngg_post_thumbnail":0,"footnotes":""},"categories":[1],"tags":[],"class_list":["post-1155","post","type-post","status-publish","format-standard","hentry","category-sin-categoria"],"_links":{"self":[{"href":"https:\/\/www.elcarmel.org\/index.php?rest_route=\/wp\/v2\/posts\/1155","targetHints":{"allow":["GET"]}}],"collection":[{"href":"https:\/\/www.elcarmel.org\/index.php?rest_route=\/wp\/v2\/posts"}],"about":[{"href":"https:\/\/www.elcarmel.org\/index.php?rest_route=\/wp\/v2\/types\/post"}],"author":[{"embeddable":true,"href":"https:\/\/www.elcarmel.org\/index.php?rest_route=\/wp\/v2\/users\/1"}],"replies":[{"embeddable":true,"href":"https:\/\/www.elcarmel.org\/index.php?rest_route=%2Fwp%2Fv2%2Fcomments&post=1155"}],"version-history":[{"count":1,"href":"https:\/\/www.elcarmel.org\/index.php?rest_route=\/wp\/v2\/posts\/1155\/revisions"}],"predecessor-version":[{"id":1156,"href":"https:\/\/www.elcarmel.org\/index.php?rest_route=\/wp\/v2\/posts\/1155\/revisions\/1156"}],"wp:attachment":[{"href":"https:\/\/www.elcarmel.org\/index.php?rest_route=%2Fwp%2Fv2%2Fmedia&parent=1155"}],"wp:term":[{"taxonomy":"category","embeddable":true,"href":"https:\/\/www.elcarmel.org\/index.php?rest_route=%2Fwp%2Fv2%2Fcategories&post=1155"},{"taxonomy":"post_tag","embeddable":true,"href":"https:\/\/www.elcarmel.org\/index.php?rest_route=%2Fwp%2Fv2%2Ftags&post=1155"}],"curies":[{"name":"wp","href":"https:\/\/api.w.org\/{rel}","templated":true}]}}