{"id":1210,"date":"2022-05-25T08:06:36","date_gmt":"2022-05-25T07:06:36","guid":{"rendered":"http:\/\/www.elcarmel.org\/?p=1210"},"modified":"2022-06-08T10:51:33","modified_gmt":"2022-06-08T09:51:33","slug":"fmcarmel-amb-ass-veines-i-veins-del-carmel-karmela-fest-punt-lila","status":"publish","type":"post","link":"https:\/\/www.elcarmel.org\/?p=1210","title":{"rendered":"FMCarmel 2022 &#8211; Ass. Ve\u00efnes i Ve\u00efns del Carmel + Karmela Fest + Punt Lila"},"content":{"rendered":"\n<figure class=\"wp-block-image size-full is-resized\"><img loading=\"lazy\" decoding=\"async\" src=\"https:\/\/www.elcarmel.org\/wp-content\/uploads\/2022\/06\/prog3.png\" alt=\"\" class=\"wp-image-1248\" width=\"221\" height=\"186\"\/><\/figure>\n\n\n\n<p>Tercera trobada amb la fam\u00edlia de la Comissi\u00f3 de Festa Major del Carmel. Parlem amb l&#8217;Aida de l&#8217;Associaci\u00f3 de Ve\u00efnes i Ve\u00efns del Carmel, la Jimena i el Marc de Karmela Fest i entre totes parlem del Punt Lila.<br>Us recordem que la festa ser\u00e0 de l&#8217;1 al 10 de juliol pels carrers i places del nostre barri.<\/p>\n\n\n\n<p><a href=\"https:\/\/www.ivoox.com\/fmcarmel-amb-ass-veines-i-veins-del-carmel-audios-mp3_rf_87549035_1.html?fbclid=IwAR1DOeYRaopDkip4wdCEhYT6mN-2IKes3aSKAkjVDmUtsw580fSVRJCzomI\">Podeu escoltarlo en aquest enlla\u00e7<\/a><\/p>\n\n\n\n<p><\/p>\n","protected":false},"excerpt":{"rendered":"<p>Tercera trobada amb la fam\u00edlia de la Comissi\u00f3 de Festa Major del Carmel. Parlem amb l&#8217;Aida de l&#8217;Associaci\u00f3 de Ve\u00efnes i Ve\u00efns del Carmel, la Jimena i el Marc de Karmela Fest i entre totes parlem del Punt Lila.Us recordem que la festa ser\u00e0 de l&#8217;1 al 10 de juliol pels carrers i places del &hellip; <a href=\"https:\/\/www.elcarmel.org\/?p=1210\" class=\"more-link\">Sigue leyendo <span class=\"screen-reader-text\">FMCarmel 2022 &#8211; Ass. Ve\u00efnes i Ve\u00efns del Carmel + Karmela Fest + Punt Lila<\/span><\/a><\/p>\n","protected":false},"author":1,"featured_media":0,"comment_status":"open","ping_status":"open","sticky":false,"template":"","format":"standard","meta":{"ngg_post_thumbnail":0,"footnotes":""},"categories":[1],"tags":[],"class_list":["post-1210","post","type-post","status-publish","format-standard","hentry","category-sin-categoria"],"_links":{"self":[{"href":"https:\/\/www.elcarmel.org\/index.php?rest_route=\/wp\/v2\/posts\/1210","targetHints":{"allow":["GET"]}}],"collection":[{"href":"https:\/\/www.elcarmel.org\/index.php?rest_route=\/wp\/v2\/posts"}],"about":[{"href":"https:\/\/www.elcarmel.org\/index.php?rest_route=\/wp\/v2\/types\/post"}],"author":[{"embeddable":true,"href":"https:\/\/www.elcarmel.org\/index.php?rest_route=\/wp\/v2\/users\/1"}],"replies":[{"embeddable":true,"href":"https:\/\/www.elcarmel.org\/index.php?rest_route=%2Fwp%2Fv2%2Fcomments&post=1210"}],"version-history":[{"count":3,"href":"https:\/\/www.elcarmel.org\/index.php?rest_route=\/wp\/v2\/posts\/1210\/revisions"}],"predecessor-version":[{"id":1258,"href":"https:\/\/www.elcarmel.org\/index.php?rest_route=\/wp\/v2\/posts\/1210\/revisions\/1258"}],"wp:attachment":[{"href":"https:\/\/www.elcarmel.org\/index.php?rest_route=%2Fwp%2Fv2%2Fmedia&parent=1210"}],"wp:term":[{"taxonomy":"category","embeddable":true,"href":"https:\/\/www.elcarmel.org\/index.php?rest_route=%2Fwp%2Fv2%2Fcategories&post=1210"},{"taxonomy":"post_tag","embeddable":true,"href":"https:\/\/www.elcarmel.org\/index.php?rest_route=%2Fwp%2Fv2%2Ftags&post=1210"}],"curies":[{"name":"wp","href":"https:\/\/api.w.org\/{rel}","templated":true}]}}