{"id":1241,"date":"2022-06-08T10:37:34","date_gmt":"2022-06-08T09:37:34","guid":{"rendered":"http:\/\/www.elcarmel.org\/?p=1241"},"modified":"2022-06-08T10:37:34","modified_gmt":"2022-06-08T09:37:34","slug":"fmcarmel-2022-fundacio-els-3turons-omnium-cultural-diables-carmel-i-trabucaires-perot-rocaguinarda","status":"publish","type":"post","link":"https:\/\/www.elcarmel.org\/?p=1241","title":{"rendered":"FMCarmel 2022 &#8211; Fundaci\u00f3 els 3Turons + \u00d2mnium Cultural + Diables Carmel i Trabucaires Perot Rocaguinarda"},"content":{"rendered":"\n<figure class=\"wp-block-image size-full\"><img loading=\"lazy\" decoding=\"async\" width=\"284\" height=\"276\" src=\"https:\/\/www.elcarmel.org\/wp-content\/uploads\/2022\/06\/foto-prog5.png\" alt=\"\" class=\"wp-image-1242\"\/><figcaption>Seguim explicant qui forma part de la Comissi\u00f3 de la Festa Major del Carmel. Avui tenim a l&#8217;Alexandra de la Fundaci\u00f3 Els Tres Turons (salut mental), a la Vicky i la Rosa d&#8217;\u00d2mnium Cultural i en Joan i la Yolanda de Diables del Carmel i Trabucaires Perot Roca Guinarda.<br>Seguiu tots els actes a\u00a0<a rel=\"noreferrer noopener\" href=\"https:\/\/www.elcarmel.org\/\" target=\"_blank\">https:\/\/www.elcarmel.org<\/a><br>i a les xxss a @fmcarmel<\/figcaption><\/figure>\n\n\n\n<p><a href=\"https:\/\/www.ivoox.com\/fmcarmel-2022-05-fundacio-els-3turons-omnium-audios-mp3_rf_88158961_1.html\">Pots escoltarlo en aquest link<\/a><\/p>\n","protected":false},"excerpt":{"rendered":"<p>Pots escoltarlo en aquest link<\/p>\n","protected":false},"author":1,"featured_media":0,"comment_status":"open","ping_status":"open","sticky":false,"template":"","format":"standard","meta":{"ngg_post_thumbnail":0,"footnotes":""},"categories":[1],"tags":[],"class_list":["post-1241","post","type-post","status-publish","format-standard","hentry","category-sin-categoria"],"_links":{"self":[{"href":"https:\/\/www.elcarmel.org\/index.php?rest_route=\/wp\/v2\/posts\/1241","targetHints":{"allow":["GET"]}}],"collection":[{"href":"https:\/\/www.elcarmel.org\/index.php?rest_route=\/wp\/v2\/posts"}],"about":[{"href":"https:\/\/www.elcarmel.org\/index.php?rest_route=\/wp\/v2\/types\/post"}],"author":[{"embeddable":true,"href":"https:\/\/www.elcarmel.org\/index.php?rest_route=\/wp\/v2\/users\/1"}],"replies":[{"embeddable":true,"href":"https:\/\/www.elcarmel.org\/index.php?rest_route=%2Fwp%2Fv2%2Fcomments&post=1241"}],"version-history":[{"count":1,"href":"https:\/\/www.elcarmel.org\/index.php?rest_route=\/wp\/v2\/posts\/1241\/revisions"}],"predecessor-version":[{"id":1243,"href":"https:\/\/www.elcarmel.org\/index.php?rest_route=\/wp\/v2\/posts\/1241\/revisions\/1243"}],"wp:attachment":[{"href":"https:\/\/www.elcarmel.org\/index.php?rest_route=%2Fwp%2Fv2%2Fmedia&parent=1241"}],"wp:term":[{"taxonomy":"category","embeddable":true,"href":"https:\/\/www.elcarmel.org\/index.php?rest_route=%2Fwp%2Fv2%2Fcategories&post=1241"},{"taxonomy":"post_tag","embeddable":true,"href":"https:\/\/www.elcarmel.org\/index.php?rest_route=%2Fwp%2Fv2%2Ftags&post=1241"}],"curies":[{"name":"wp","href":"https:\/\/api.w.org\/{rel}","templated":true}]}}