{"id":1260,"date":"2022-06-17T13:33:46","date_gmt":"2022-06-17T12:33:46","guid":{"rendered":"http:\/\/www.elcarmel.org\/?p=1260"},"modified":"2022-06-17T13:33:46","modified_gmt":"2022-06-17T12:33:46","slug":"ja-tenim-cartell-de-la-festa-major-del-carmel-2022","status":"publish","type":"post","link":"https:\/\/www.elcarmel.org\/?p=1260","title":{"rendered":"Ja tenim cartell de la Festa Major del Carmel 2022"},"content":{"rendered":"\n<p>Ve\u00efnes i ve\u00efns del Carmel, ja tenim aqu\u00ed el cartell de la festa major d&#8217;enguany, l&#8217;autor \u00e9s Miquel Toran Boladeras.<\/p>\n\n\n\n<p>Esperem que us agradi la seva t\u00e8cnica de c\u00f2mic i les diferents parts del barri representades.<\/p>\n\n\n\n<figure class=\"wp-block-image size-large\"><img loading=\"lazy\" decoding=\"async\" width=\"724\" height=\"1024\" src=\"https:\/\/www.elcarmel.org\/wp-content\/uploads\/2022\/06\/cartell-2022_carmel_logos_definitiu-724x1024.jpg\" alt=\"\" class=\"wp-image-1261\" srcset=\"https:\/\/www.elcarmel.org\/wp-content\/uploads\/2022\/06\/cartell-2022_carmel_logos_definitiu-724x1024.jpg 724w, https:\/\/www.elcarmel.org\/wp-content\/uploads\/2022\/06\/cartell-2022_carmel_logos_definitiu-212x300.jpg 212w, https:\/\/www.elcarmel.org\/wp-content\/uploads\/2022\/06\/cartell-2022_carmel_logos_definitiu-768x1086.jpg 768w, https:\/\/www.elcarmel.org\/wp-content\/uploads\/2022\/06\/cartell-2022_carmel_logos_definitiu-1086x1536.jpg 1086w, https:\/\/www.elcarmel.org\/wp-content\/uploads\/2022\/06\/cartell-2022_carmel_logos_definitiu-1448x2048.jpg 1448w, https:\/\/www.elcarmel.org\/wp-content\/uploads\/2022\/06\/cartell-2022_carmel_logos_definitiu-scaled.jpg 1810w\" sizes=\"auto, (max-width: 724px) 100vw, 724px\" \/><\/figure>\n","protected":false},"excerpt":{"rendered":"<p>Ve\u00efnes i ve\u00efns del Carmel, ja tenim aqu\u00ed el cartell de la festa major d&#8217;enguany, l&#8217;autor \u00e9s Miquel Toran Boladeras. Esperem que us agradi la seva t\u00e8cnica de c\u00f2mic i les diferents parts del barri representades.<\/p>\n","protected":false},"author":1,"featured_media":0,"comment_status":"open","ping_status":"open","sticky":false,"template":"","format":"standard","meta":{"ngg_post_thumbnail":0,"footnotes":""},"categories":[1],"tags":[],"class_list":["post-1260","post","type-post","status-publish","format-standard","hentry","category-sin-categoria"],"_links":{"self":[{"href":"https:\/\/www.elcarmel.org\/index.php?rest_route=\/wp\/v2\/posts\/1260","targetHints":{"allow":["GET"]}}],"collection":[{"href":"https:\/\/www.elcarmel.org\/index.php?rest_route=\/wp\/v2\/posts"}],"about":[{"href":"https:\/\/www.elcarmel.org\/index.php?rest_route=\/wp\/v2\/types\/post"}],"author":[{"embeddable":true,"href":"https:\/\/www.elcarmel.org\/index.php?rest_route=\/wp\/v2\/users\/1"}],"replies":[{"embeddable":true,"href":"https:\/\/www.elcarmel.org\/index.php?rest_route=%2Fwp%2Fv2%2Fcomments&post=1260"}],"version-history":[{"count":1,"href":"https:\/\/www.elcarmel.org\/index.php?rest_route=\/wp\/v2\/posts\/1260\/revisions"}],"predecessor-version":[{"id":1262,"href":"https:\/\/www.elcarmel.org\/index.php?rest_route=\/wp\/v2\/posts\/1260\/revisions\/1262"}],"wp:attachment":[{"href":"https:\/\/www.elcarmel.org\/index.php?rest_route=%2Fwp%2Fv2%2Fmedia&parent=1260"}],"wp:term":[{"taxonomy":"category","embeddable":true,"href":"https:\/\/www.elcarmel.org\/index.php?rest_route=%2Fwp%2Fv2%2Fcategories&post=1260"},{"taxonomy":"post_tag","embeddable":true,"href":"https:\/\/www.elcarmel.org\/index.php?rest_route=%2Fwp%2Fv2%2Ftags&post=1260"}],"curies":[{"name":"wp","href":"https:\/\/api.w.org\/{rel}","templated":true}]}}