{"id":1263,"date":"2022-06-21T10:17:16","date_gmt":"2022-06-21T09:17:16","guid":{"rendered":"http:\/\/www.elcarmel.org\/?p=1263"},"modified":"2022-06-21T10:18:07","modified_gmt":"2022-06-21T09:18:07","slug":"ja-tenim-programa","status":"publish","type":"post","link":"https:\/\/www.elcarmel.org\/?p=1263","title":{"rendered":"Ja tenim Programa de la Festa Major del Carmel 2022"},"content":{"rendered":"\n<p>Ja tenim la festa major 2022 aqu\u00ed, consulta tota la programaci\u00f3 aqu\u00ed <a rel=\"noreferrer noopener\" href=\"https:\/\/t.co\/004FGt8Jn8\" target=\"_blank\">http:\/\/elcarmel.org<\/a><\/p>\n\n\n\n<p>https:\/\/www.elcarmel.org\/programa-festes-carmel-2022.pdf<\/p>\n\n\n\n<p><\/p>\n\n\n\n<figure class=\"wp-block-image size-large\"><img loading=\"lazy\" decoding=\"async\" width=\"724\" height=\"1024\" src=\"https:\/\/www.elcarmel.org\/wp-content\/uploads\/2022\/06\/cartell-2022_carmel_logos_definitiu-1-724x1024.jpg\" alt=\"\" class=\"wp-image-1264\" srcset=\"https:\/\/www.elcarmel.org\/wp-content\/uploads\/2022\/06\/cartell-2022_carmel_logos_definitiu-1-724x1024.jpg 724w, https:\/\/www.elcarmel.org\/wp-content\/uploads\/2022\/06\/cartell-2022_carmel_logos_definitiu-1-212x300.jpg 212w, https:\/\/www.elcarmel.org\/wp-content\/uploads\/2022\/06\/cartell-2022_carmel_logos_definitiu-1-768x1086.jpg 768w, https:\/\/www.elcarmel.org\/wp-content\/uploads\/2022\/06\/cartell-2022_carmel_logos_definitiu-1-1086x1536.jpg 1086w, https:\/\/www.elcarmel.org\/wp-content\/uploads\/2022\/06\/cartell-2022_carmel_logos_definitiu-1-1448x2048.jpg 1448w, https:\/\/www.elcarmel.org\/wp-content\/uploads\/2022\/06\/cartell-2022_carmel_logos_definitiu-1-scaled.jpg 1810w\" sizes=\"auto, (max-width: 724px) 100vw, 724px\" \/><\/figure>\n\n\n\n<p><\/p>\n","protected":false},"excerpt":{"rendered":"<p>Ja tenim la festa major 2022 aqu\u00ed, consulta tota la programaci\u00f3 aqu\u00ed http:\/\/elcarmel.org https:\/\/www.elcarmel.org\/programa-festes-carmel-2022.pdf<\/p>\n","protected":false},"author":1,"featured_media":0,"comment_status":"open","ping_status":"open","sticky":false,"template":"","format":"standard","meta":{"ngg_post_thumbnail":0,"footnotes":""},"categories":[1],"tags":[],"class_list":["post-1263","post","type-post","status-publish","format-standard","hentry","category-sin-categoria"],"_links":{"self":[{"href":"https:\/\/www.elcarmel.org\/index.php?rest_route=\/wp\/v2\/posts\/1263","targetHints":{"allow":["GET"]}}],"collection":[{"href":"https:\/\/www.elcarmel.org\/index.php?rest_route=\/wp\/v2\/posts"}],"about":[{"href":"https:\/\/www.elcarmel.org\/index.php?rest_route=\/wp\/v2\/types\/post"}],"author":[{"embeddable":true,"href":"https:\/\/www.elcarmel.org\/index.php?rest_route=\/wp\/v2\/users\/1"}],"replies":[{"embeddable":true,"href":"https:\/\/www.elcarmel.org\/index.php?rest_route=%2Fwp%2Fv2%2Fcomments&post=1263"}],"version-history":[{"count":2,"href":"https:\/\/www.elcarmel.org\/index.php?rest_route=\/wp\/v2\/posts\/1263\/revisions"}],"predecessor-version":[{"id":1266,"href":"https:\/\/www.elcarmel.org\/index.php?rest_route=\/wp\/v2\/posts\/1263\/revisions\/1266"}],"wp:attachment":[{"href":"https:\/\/www.elcarmel.org\/index.php?rest_route=%2Fwp%2Fv2%2Fmedia&parent=1263"}],"wp:term":[{"taxonomy":"category","embeddable":true,"href":"https:\/\/www.elcarmel.org\/index.php?rest_route=%2Fwp%2Fv2%2Fcategories&post=1263"},{"taxonomy":"post_tag","embeddable":true,"href":"https:\/\/www.elcarmel.org\/index.php?rest_route=%2Fwp%2Fv2%2Ftags&post=1263"}],"curies":[{"name":"wp","href":"https:\/\/api.w.org\/{rel}","templated":true}]}}