{"id":1321,"date":"2023-11-16T10:39:47","date_gmt":"2023-11-16T09:39:47","guid":{"rendered":"http:\/\/www.elcarmel.org\/?p=1321"},"modified":"2023-11-16T10:39:47","modified_gmt":"2023-11-16T09:39:47","slug":"lliurament-dels-premis-horta-guinardo-2023","status":"publish","type":"post","link":"https:\/\/www.elcarmel.org\/?p=1321","title":{"rendered":"Lliurament dels premis Horta-Guinard\u00f3 2023"},"content":{"rendered":"\n<p>El districte d\u2019Horta-Guinard\u00f3 de Barcelona convoca anualment els Premis Horta-Guinard\u00f3 per recon\u00e8ixer la tasca de dinamitzaci\u00f3 i millora de la vida ciutadana, sociocultural i c\u00edvica d\u2019Horta-Guinard\u00f3. Aquest any se celebra la XXXVII edici\u00f3 d\u2019aquests guardons que es lliuraran en un acte institucional el novembre de 2023 12.<\/p>\n\n\n\n<p>Els premis poden ser atorgats a persones, entitats o col\u00b7lectius que hagin destacat en programes, accions i esdeveniments duts a terme en el decurs de l\u2019any 2023 o per la seva traject\u00f2ria, sempre vinculats a qualsevol dels \u00e0mbits seg\u00fcents: promoci\u00f3 de la vida associativa, m\u00fasica, lletres, arts pl\u00e0stiques, arts esc\u00e8niques, esports, animaci\u00f3 sociocultural, promoci\u00f3 econ\u00f2mica, mitjans de comunicaci\u00f3, recuperaci\u00f3 de festes i tradicions, hist\u00f2ria dels barris del districte, contribuci\u00f3 a la millora de la vida col\u00b7lectiva, a la cooperaci\u00f3 i a la solidaritat i a qualsevol altre \u00e0mbit que, a criteri del jurat, pugui \u00e9sser objecte del premi 12. Les propostes de candidatures poden ser presentades per qualsevol persona o entitat fins al 20 d\u2019octubre de 2023.<\/p>\n\n\n\n<p>Aqui tens el video del lluirament del premis XXXVII Premis d&#8217;Horta-Guinard\u00f3<\/p>\n\n\n\n<figure class=\"wp-block-embed is-type-video is-provider-youtube wp-block-embed-youtube wp-embed-aspect-16-9 wp-has-aspect-ratio\"><div class=\"wp-block-embed__wrapper\">\n<iframe loading=\"lazy\" title=\"XXXVII Premis d&#039;Horta-Guinard\u00f3 2023\" width=\"660\" height=\"371\" src=\"https:\/\/www.youtube.com\/embed\/_xRZ_vPpIFc?feature=oembed\" frameborder=\"0\" allow=\"accelerometer; autoplay; clipboard-write; encrypted-media; gyroscope; picture-in-picture; web-share\" referrerpolicy=\"strict-origin-when-cross-origin\" allowfullscreen><\/iframe>\n<\/div><\/figure>\n","protected":false},"excerpt":{"rendered":"<p>El districte d\u2019Horta-Guinard\u00f3 de Barcelona convoca anualment els Premis Horta-Guinard\u00f3 per recon\u00e8ixer la tasca de dinamitzaci\u00f3 i millora de la vida ciutadana, sociocultural i c\u00edvica d\u2019Horta-Guinard\u00f3. Aquest any se celebra la XXXVII edici\u00f3 d\u2019aquests guardons que es lliuraran en un acte institucional el novembre de 2023 12. Els premis poden ser atorgats a persones, entitats &hellip; <a href=\"https:\/\/www.elcarmel.org\/?p=1321\" class=\"more-link\">Sigue leyendo <span class=\"screen-reader-text\">Lliurament dels premis Horta-Guinard\u00f3 2023<\/span><\/a><\/p>\n","protected":false},"author":1,"featured_media":0,"comment_status":"open","ping_status":"open","sticky":false,"template":"","format":"standard","meta":{"ngg_post_thumbnail":0,"footnotes":""},"categories":[1],"tags":[],"class_list":["post-1321","post","type-post","status-publish","format-standard","hentry","category-sin-categoria"],"_links":{"self":[{"href":"https:\/\/www.elcarmel.org\/index.php?rest_route=\/wp\/v2\/posts\/1321","targetHints":{"allow":["GET"]}}],"collection":[{"href":"https:\/\/www.elcarmel.org\/index.php?rest_route=\/wp\/v2\/posts"}],"about":[{"href":"https:\/\/www.elcarmel.org\/index.php?rest_route=\/wp\/v2\/types\/post"}],"author":[{"embeddable":true,"href":"https:\/\/www.elcarmel.org\/index.php?rest_route=\/wp\/v2\/users\/1"}],"replies":[{"embeddable":true,"href":"https:\/\/www.elcarmel.org\/index.php?rest_route=%2Fwp%2Fv2%2Fcomments&post=1321"}],"version-history":[{"count":1,"href":"https:\/\/www.elcarmel.org\/index.php?rest_route=\/wp\/v2\/posts\/1321\/revisions"}],"predecessor-version":[{"id":1322,"href":"https:\/\/www.elcarmel.org\/index.php?rest_route=\/wp\/v2\/posts\/1321\/revisions\/1322"}],"wp:attachment":[{"href":"https:\/\/www.elcarmel.org\/index.php?rest_route=%2Fwp%2Fv2%2Fmedia&parent=1321"}],"wp:term":[{"taxonomy":"category","embeddable":true,"href":"https:\/\/www.elcarmel.org\/index.php?rest_route=%2Fwp%2Fv2%2Fcategories&post=1321"},{"taxonomy":"post_tag","embeddable":true,"href":"https:\/\/www.elcarmel.org\/index.php?rest_route=%2Fwp%2Fv2%2Ftags&post=1321"}],"curies":[{"name":"wp","href":"https:\/\/api.w.org\/{rel}","templated":true}]}}