{"id":1335,"date":"2025-01-20T11:37:39","date_gmt":"2025-01-20T10:37:39","guid":{"rendered":"https:\/\/www.elcarmel.org\/?p=1335"},"modified":"2025-01-20T11:37:39","modified_gmt":"2025-01-20T10:37:39","slug":"carnaval-carmel-2025","status":"publish","type":"post","link":"https:\/\/www.elcarmel.org\/?p=1335","title":{"rendered":"Carnaval Carmel 2025"},"content":{"rendered":"\n<p>El carnaval d&#8217;aquest any \u00e9s el <strong>dissabte 1 de mar\u00e7 a les 17.15 h<\/strong>.<\/p>\n\n\n\n<p>Properament m\u00e9s informaci\u00f3<\/p>\n","protected":false},"excerpt":{"rendered":"<p>El carnaval d&#8217;aquest any \u00e9s el dissabte 1 de mar\u00e7 a les 17.15 h. Properament m\u00e9s informaci\u00f3<\/p>\n","protected":false},"author":1,"featured_media":0,"comment_status":"open","ping_status":"open","sticky":false,"template":"","format":"standard","meta":{"ngg_post_thumbnail":0,"footnotes":""},"categories":[1],"tags":[],"class_list":["post-1335","post","type-post","status-publish","format-standard","hentry","category-sin-categoria"],"_links":{"self":[{"href":"https:\/\/www.elcarmel.org\/index.php?rest_route=\/wp\/v2\/posts\/1335","targetHints":{"allow":["GET"]}}],"collection":[{"href":"https:\/\/www.elcarmel.org\/index.php?rest_route=\/wp\/v2\/posts"}],"about":[{"href":"https:\/\/www.elcarmel.org\/index.php?rest_route=\/wp\/v2\/types\/post"}],"author":[{"embeddable":true,"href":"https:\/\/www.elcarmel.org\/index.php?rest_route=\/wp\/v2\/users\/1"}],"replies":[{"embeddable":true,"href":"https:\/\/www.elcarmel.org\/index.php?rest_route=%2Fwp%2Fv2%2Fcomments&post=1335"}],"version-history":[{"count":1,"href":"https:\/\/www.elcarmel.org\/index.php?rest_route=\/wp\/v2\/posts\/1335\/revisions"}],"predecessor-version":[{"id":1336,"href":"https:\/\/www.elcarmel.org\/index.php?rest_route=\/wp\/v2\/posts\/1335\/revisions\/1336"}],"wp:attachment":[{"href":"https:\/\/www.elcarmel.org\/index.php?rest_route=%2Fwp%2Fv2%2Fmedia&parent=1335"}],"wp:term":[{"taxonomy":"category","embeddable":true,"href":"https:\/\/www.elcarmel.org\/index.php?rest_route=%2Fwp%2Fv2%2Fcategories&post=1335"},{"taxonomy":"post_tag","embeddable":true,"href":"https:\/\/www.elcarmel.org\/index.php?rest_route=%2Fwp%2Fv2%2Ftags&post=1335"}],"curies":[{"name":"wp","href":"https:\/\/api.w.org\/{rel}","templated":true}]}}