{"id":1345,"date":"2025-02-04T16:13:54","date_gmt":"2025-02-04T15:13:54","guid":{"rendered":"https:\/\/www.elcarmel.org\/?p=1345"},"modified":"2025-02-06T17:08:45","modified_gmt":"2025-02-06T16:08:45","slug":"bases-concurs-de-cartells-de-la-festa-major-del-carmel-2025","status":"publish","type":"post","link":"https:\/\/www.elcarmel.org\/?p=1345","title":{"rendered":"BASES CONCURS DE CARTELLS DE LA FESTA MAJOR DEL CARMEL 2025"},"content":{"rendered":"\n<p>La Comissi\u00f3 de Festa Major del Carmel, ha aprovat en data 3 de Febrer de 2025, les seg\u00fcents bases que regiran en el Cartell de la Festa Major del Carmel.<\/p>\n\n\n\n<p><strong>BASES<\/strong><br><strong>Presentaci\u00f3<\/strong><br>El cartell ha de ser in\u00e8dit i al dors ha de constar el t\u00edtol de l&#8217;obra.<br>Ha d&#8217;anar acompanyat d&#8217;un sobre tancat, identificat exclusivament amb el t\u00edtol de I &#8216;obra &#8216;interior hi figurar\u00e0 el full adjunt on s&#8217;especifiqui el nom, cognoms, edat, adre\u00e7a, tel\u00e8fon i correu electr\u00f2nic.<br>En cas que l&#8217;autor o autora sigui menor d&#8217;edat s\u2019haur\u00e0 d&#8217;emplenar l&#8217;autoritzaci\u00f3 paterna\/materna per a ser adm\u00e8s al concurs.<br>S\u2019ha de presentar en format digital amb un fitxer editable i amb pdf. <\/p>\n\n\n\n<p><br><strong>Termini de lliurament<\/strong><br>Finalitzar\u00e0 el dia 2 de maig de 2025 \u00e9s podr\u00e0 presentar a:<br>Centre C\u00edvic del Carmel. Santuari 27.<br>Espai Jove BocaNord. C\/agudells 37-45<br>Casal de barri La Barraca del Carmel. C\/Llobregos 107<br>Es pot lliurar per correu Electronic al mail info@elcarmel.org amb un el t\u00edtol de I &#8216;obra, el nom, cognoms, edat, adre\u00e7a, tel\u00e8fon i correu electr\u00f2nic. El cartell ha de ser amb imatge i amb pdf.<\/p>\n\n\n\n<p><br><strong>Format:<\/strong><br>A4 (21X29,7cm) A color. Format vertical<\/p>\n\n\n\n<p><br><strong>Al cartell ha de figurar:<\/strong><br>Festa Major del Carmel 2025 Del 4 al 13 de juliol del 2025<br>Organitza: Comissi\u00f3 de la Festa Major del Carmel<br>Al peu s&#8217;ha de reservar un espai per als diferents logos<br>Les reproduccions dels cartells seran diverses (tant en paper com digitals) i algunes d &#8216;elles poden ser a blanc i negre o les que determini la Comissi\u00f3.<\/p>\n\n\n\n<p><br><strong>Jurat<\/strong><br>Els membres de la Comissi\u00f3 de Festa Major del Carmel.<\/p>\n\n\n\n<p><br><strong>Premi al guanyador del concurs<\/strong><br>150\u20ac en met\u00e0l\u00b7lic<br>En cas que el guanyador sigui menor d&#8217;edat el premi s\u2019entregar\u00e0 a la mare, pare o tutors-es del guanyador.<\/p>\n\n\n\n<p><br><strong>Lliurament dels premis<\/strong><br>Els premis es lliuraran el dia 12 de Juliol al entremig del ball o acte alternatiu.<\/p>\n\n\n\n<p><br><strong>Altres<\/strong><br>Si hi ha disponibilitat I nombre suficient, les obres seran exposades durant la durada de la festa major al Centre C\u00edvic del Carmel. Les obres no premiades es retornaran, si I \u2018interessat les reclama, la setmana seg\u00fcent d&#8217;acabar la Festa Major al Centre C\u00edvic del Carmel.<br>La participaci\u00f3 comporta la total acceptaci\u00f3 d\u2019aquestes bases. Qualsevol cas no previst ser\u00e0 resolt per la Comissi\u00f3 de Festa Major del Carmel<br>La Comissi\u00f3 de Festa Major del Carmel es quedar\u00e0 en propietat el disseny i el cartel!. El cartel! presentat no pot anar signat pels autors o autores.<br>Per tal d&#8217;adaptar-lo a la seva difusi\u00f3, la Comissi\u00f3 de Festa Major podr\u00e0 modificar el tamany si \u00e9s necessari. Poden haver-ho esmenes de part de la Comissi\u00f3 de festes per petites modificacions per fer m\u00e9s clar el cartell.<br>El guanyador\/a accepta que les imatges preses durant !&#8217;entrega del premi aparegui a les xarxes socials i web que gestiona la Comissi\u00f3 de Festa Major del Carmel, aix\u00ed com l\u2019aparici\u00f3 del seu nom al programa de Festa Major.<\/p>\n\n\n\n<p><strong>En cas de que l&#8217;autor del cartell sigui menor d&#8217;edat ha d&#8217;omplir el seg\u00fcent formulari per l&#8217;aceptaci\u00f3 del cartell. <\/strong><br><a href=\"https:\/\/www.elcarmel.org\/pdfs\/2025_bases_menors_cartell.pdf\">https:\/\/www.elcarmel.org\/pdfs\/2025_bases_menors_cartell.pdf<\/a><br><\/p>\n\n\n\n<p><\/p>\n","protected":false},"excerpt":{"rendered":"<p>La Comissi\u00f3 de Festa Major del Carmel, ha aprovat en data 3 de Febrer de 2025, les seg\u00fcents bases que regiran en el Cartell de la Festa Major del Carmel. BASESPresentaci\u00f3El cartell ha de ser in\u00e8dit i al dors ha de constar el t\u00edtol de l&#8217;obra.Ha d&#8217;anar acompanyat d&#8217;un sobre tancat, identificat exclusivament amb el &hellip; <a href=\"https:\/\/www.elcarmel.org\/?p=1345\" class=\"more-link\">Sigue leyendo <span class=\"screen-reader-text\">BASES CONCURS DE CARTELLS DE LA FESTA MAJOR DEL CARMEL 2025<\/span><\/a><\/p>\n","protected":false},"author":1,"featured_media":0,"comment_status":"open","ping_status":"open","sticky":false,"template":"","format":"standard","meta":{"ngg_post_thumbnail":0,"footnotes":""},"categories":[1],"tags":[],"class_list":["post-1345","post","type-post","status-publish","format-standard","hentry","category-sin-categoria"],"_links":{"self":[{"href":"https:\/\/www.elcarmel.org\/index.php?rest_route=\/wp\/v2\/posts\/1345","targetHints":{"allow":["GET"]}}],"collection":[{"href":"https:\/\/www.elcarmel.org\/index.php?rest_route=\/wp\/v2\/posts"}],"about":[{"href":"https:\/\/www.elcarmel.org\/index.php?rest_route=\/wp\/v2\/types\/post"}],"author":[{"embeddable":true,"href":"https:\/\/www.elcarmel.org\/index.php?rest_route=\/wp\/v2\/users\/1"}],"replies":[{"embeddable":true,"href":"https:\/\/www.elcarmel.org\/index.php?rest_route=%2Fwp%2Fv2%2Fcomments&post=1345"}],"version-history":[{"count":4,"href":"https:\/\/www.elcarmel.org\/index.php?rest_route=\/wp\/v2\/posts\/1345\/revisions"}],"predecessor-version":[{"id":1351,"href":"https:\/\/www.elcarmel.org\/index.php?rest_route=\/wp\/v2\/posts\/1345\/revisions\/1351"}],"wp:attachment":[{"href":"https:\/\/www.elcarmel.org\/index.php?rest_route=%2Fwp%2Fv2%2Fmedia&parent=1345"}],"wp:term":[{"taxonomy":"category","embeddable":true,"href":"https:\/\/www.elcarmel.org\/index.php?rest_route=%2Fwp%2Fv2%2Fcategories&post=1345"},{"taxonomy":"post_tag","embeddable":true,"href":"https:\/\/www.elcarmel.org\/index.php?rest_route=%2Fwp%2Fv2%2Ftags&post=1345"}],"curies":[{"name":"wp","href":"https:\/\/api.w.org\/{rel}","templated":true}]}}