{"id":1376,"date":"2025-06-17T14:58:04","date_gmt":"2025-06-17T13:58:04","guid":{"rendered":"https:\/\/www.elcarmel.org\/?p=1376"},"modified":"2025-06-17T14:59:11","modified_gmt":"2025-06-17T13:59:11","slug":"programa-festa-major-del-carmel-2025","status":"publish","type":"post","link":"https:\/\/www.elcarmel.org\/?p=1376","title":{"rendered":"Programa Festa Major del Carmel 2025"},"content":{"rendered":"\n<p>Aqu\u00ed tens el programa de Festa Major 2025 d&#8217;aquest any&#8230;.<\/p>\n\n\n\n<p><a href=\"https:\/\/www.elcarmel.org\/fm_programes_antics\/programa-festes-carmel-2025.pdf\" data-type=\"link\" data-id=\"https:\/\/www.elcarmel.org\/fm_programes_antics\/programa-festes-carmel-2025.pdf\">Programa Festa Major del Carmel 2025<\/a><\/p>\n\n\n\n<p>Ben aviat molta m\u00e9s informaci\u00f3<\/p>\n\n\n\n<p><\/p>\n","protected":false},"excerpt":{"rendered":"<p>Aqu\u00ed tens el programa de Festa Major 2025 d&#8217;aquest any&#8230;. Programa Festa Major del Carmel 2025 Ben aviat molta m\u00e9s informaci\u00f3<\/p>\n","protected":false},"author":1,"featured_media":0,"comment_status":"open","ping_status":"open","sticky":false,"template":"","format":"standard","meta":{"ngg_post_thumbnail":0,"footnotes":""},"categories":[1],"tags":[],"class_list":["post-1376","post","type-post","status-publish","format-standard","hentry","category-sin-categoria"],"_links":{"self":[{"href":"https:\/\/www.elcarmel.org\/index.php?rest_route=\/wp\/v2\/posts\/1376","targetHints":{"allow":["GET"]}}],"collection":[{"href":"https:\/\/www.elcarmel.org\/index.php?rest_route=\/wp\/v2\/posts"}],"about":[{"href":"https:\/\/www.elcarmel.org\/index.php?rest_route=\/wp\/v2\/types\/post"}],"author":[{"embeddable":true,"href":"https:\/\/www.elcarmel.org\/index.php?rest_route=\/wp\/v2\/users\/1"}],"replies":[{"embeddable":true,"href":"https:\/\/www.elcarmel.org\/index.php?rest_route=%2Fwp%2Fv2%2Fcomments&post=1376"}],"version-history":[{"count":2,"href":"https:\/\/www.elcarmel.org\/index.php?rest_route=\/wp\/v2\/posts\/1376\/revisions"}],"predecessor-version":[{"id":1378,"href":"https:\/\/www.elcarmel.org\/index.php?rest_route=\/wp\/v2\/posts\/1376\/revisions\/1378"}],"wp:attachment":[{"href":"https:\/\/www.elcarmel.org\/index.php?rest_route=%2Fwp%2Fv2%2Fmedia&parent=1376"}],"wp:term":[{"taxonomy":"category","embeddable":true,"href":"https:\/\/www.elcarmel.org\/index.php?rest_route=%2Fwp%2Fv2%2Fcategories&post=1376"},{"taxonomy":"post_tag","embeddable":true,"href":"https:\/\/www.elcarmel.org\/index.php?rest_route=%2Fwp%2Fv2%2Ftags&post=1376"}],"curies":[{"name":"wp","href":"https:\/\/api.w.org\/{rel}","templated":true}]}}