{"id":164,"date":"2017-05-03T12:17:47","date_gmt":"2017-05-03T11:17:47","guid":{"rendered":"http:\/\/www.elcarmel.org\/?p=164"},"modified":"2017-05-03T12:17:47","modified_gmt":"2017-05-03T11:17:47","slug":"vesteix-la-carmela-de-festa","status":"publish","type":"post","link":"https:\/\/www.elcarmel.org\/?p=164","title":{"rendered":"Vesteix La Carmela de Festa"},"content":{"rendered":"<p>A La Carmela, com a bona galeta que \u00e9s, tamb\u00e9 li agrada mudar-se per la festa major. Per aix\u00f2 us proposem que participeu en el concurs per fer-li de modistes.<br \/>\nAporteu els vostres dissenys per la Festa Major del Carmel d\u2019aquest any 2017!!<\/p>\n<p><img loading=\"lazy\" decoding=\"async\" class=\"alignnone size-medium wp-image-165\" src=\"https:\/\/www.elcarmel.org\/wp-content\/uploads\/2017\/05\/foto-2-1200x720-300x180.jpg\" alt=\"\" width=\"300\" height=\"180\" srcset=\"https:\/\/www.elcarmel.org\/wp-content\/uploads\/2017\/05\/foto-2-1200x720-300x180.jpg 300w, https:\/\/www.elcarmel.org\/wp-content\/uploads\/2017\/05\/foto-2-1200x720-768x461.jpg 768w, https:\/\/www.elcarmel.org\/wp-content\/uploads\/2017\/05\/foto-2-1200x720-1024x614.jpg 1024w, https:\/\/www.elcarmel.org\/wp-content\/uploads\/2017\/05\/foto-2-1200x720.jpg 1200w\" sizes=\"auto, (max-width: 300px) 100vw, 300px\" \/><\/p>\n<p>Bases del concurs<br \/>\n1.Qui pot participar? Tothom que en tingui ganes.<br \/>\n2.Tema: <strong>Festa major del Carmel 2017.<\/strong><br \/>\n3.Mida de l\u2019original: Disseny quadrat, mida 10x10cm o proporcional.<br \/>\n4.Disseny lliure: El disseny \u00e9s lliure i haur\u00e0 d\u2019estar inspirat en la Festa Major del Carmel 2017.<\/p>\n<p><strong>Recomanem els dissenys vectorials (de l\u00ednies planes i colors plans) enlloc imatges fotogr\u00e0fiques o amb degradats. Tot i que \u00e9s possible la impressi\u00f3 d\u2019imatges fotogr\u00e0fiques s\u2019ha de tenir en compte que el material sobre el que va impr\u00e8s (sucre) provoca que la imatge perdi nitidesa i qualitat. Objectes senzills proporcionals a la mida de la galeta, ja que el disseny final far\u00e0 6,5\u00d76,5cm<\/strong><\/p>\n<p><img loading=\"lazy\" decoding=\"async\" class=\"alignnone size-medium wp-image-167\" src=\"https:\/\/www.elcarmel.org\/wp-content\/uploads\/2017\/05\/foto-5-1-1200x720-300x180.jpg\" alt=\"\" width=\"300\" height=\"180\" srcset=\"https:\/\/www.elcarmel.org\/wp-content\/uploads\/2017\/05\/foto-5-1-1200x720-300x180.jpg 300w, https:\/\/www.elcarmel.org\/wp-content\/uploads\/2017\/05\/foto-5-1-1200x720-768x461.jpg 768w, https:\/\/www.elcarmel.org\/wp-content\/uploads\/2017\/05\/foto-5-1-1200x720-1024x614.jpg 1024w, https:\/\/www.elcarmel.org\/wp-content\/uploads\/2017\/05\/foto-5-1-1200x720.jpg 1200w\" sizes=\"auto, (max-width: 300px) 100vw, 300px\" \/><\/p>\n<p>5.S\u2019ha d\u2019enviar per correu electr\u00f2nic a comunicaci\u00f3@els3turons.org amb l\u2019assumpte \u201cConcurs La Carmela\u201d.<br \/>\nEn el correu hi haur\u00e0 de constar les seg\u00fcents dades:<br \/>\nNom i cognoms del\/la participant<br \/>\nForma de contacte, preferiblement correu electr\u00f2nic i si es desitja el tel\u00e8fon m\u00f2bil<br \/>\nL\u2019arxiu del disseny en JPG en alta resoluci\u00f3 o PDF.<br \/>\nNom\u00e9s s\u2019admetr\u00e0 UN DISSSENY per participant.<br \/>\n6.Data l\u00edmit: 28 de maig de 2017.<br \/>\n7.Votacions: es faran a trav\u00e9s de l\u2019esdeveniement de Facebook creat pel concurs del 29 de maig a l\u201911 de juny de 2017 marcant amb \u201cLike\u201d els dissenys que m\u00e9s agradin.<br \/>\n8.Premi: 50\u20ac i el poder veure reprodu\u00eft el teu disseny en totes les Carmeles que es facin per La Festa Major del Carmel 2017.<\/p>\n<p><img loading=\"lazy\" decoding=\"async\" class=\"alignnone size-medium wp-image-166\" src=\"https:\/\/www.elcarmel.org\/wp-content\/uploads\/2017\/05\/foto-4-1200x720-300x180.jpg\" alt=\"\" width=\"300\" height=\"180\" srcset=\"https:\/\/www.elcarmel.org\/wp-content\/uploads\/2017\/05\/foto-4-1200x720-300x180.jpg 300w, https:\/\/www.elcarmel.org\/wp-content\/uploads\/2017\/05\/foto-4-1200x720-768x461.jpg 768w, https:\/\/www.elcarmel.org\/wp-content\/uploads\/2017\/05\/foto-4-1200x720-1024x614.jpg 1024w, https:\/\/www.elcarmel.org\/wp-content\/uploads\/2017\/05\/foto-4-1200x720.jpg 1200w\" sizes=\"auto, (max-width: 300px) 100vw, 300px\" \/><\/p>\n<p>Per si no ho sabeu, La Carmela t\u00e9 el seu propi blog:<br \/>\n<a href=\"http:\/\/www.els3turons.org\/la-carmela\/\">http:\/\/www.els3turons.org\/la-carmela\/<\/a><br \/>\nConeix unes quantes Carmeles m\u00e9s\u2026<\/p>\n","protected":false},"excerpt":{"rendered":"<p>A La Carmela, com a bona galeta que \u00e9s, tamb\u00e9 li agrada mudar-se per la festa major. Per aix\u00f2 us proposem que participeu en el concurs per fer-li de modistes. Aporteu els vostres dissenys per la Festa Major del Carmel d\u2019aquest any 2017!! Bases del concurs 1.Qui pot participar? Tothom que en tingui ganes. 2.Tema: &hellip; <a href=\"https:\/\/www.elcarmel.org\/?p=164\" class=\"more-link\">Sigue leyendo <span class=\"screen-reader-text\">Vesteix La Carmela de Festa<\/span><\/a><\/p>\n","protected":false},"author":1,"featured_media":0,"comment_status":"open","ping_status":"open","sticky":false,"template":"","format":"standard","meta":{"ngg_post_thumbnail":0,"footnotes":""},"categories":[1],"tags":[],"class_list":["post-164","post","type-post","status-publish","format-standard","hentry","category-sin-categoria"],"_links":{"self":[{"href":"https:\/\/www.elcarmel.org\/index.php?rest_route=\/wp\/v2\/posts\/164","targetHints":{"allow":["GET"]}}],"collection":[{"href":"https:\/\/www.elcarmel.org\/index.php?rest_route=\/wp\/v2\/posts"}],"about":[{"href":"https:\/\/www.elcarmel.org\/index.php?rest_route=\/wp\/v2\/types\/post"}],"author":[{"embeddable":true,"href":"https:\/\/www.elcarmel.org\/index.php?rest_route=\/wp\/v2\/users\/1"}],"replies":[{"embeddable":true,"href":"https:\/\/www.elcarmel.org\/index.php?rest_route=%2Fwp%2Fv2%2Fcomments&post=164"}],"version-history":[{"count":1,"href":"https:\/\/www.elcarmel.org\/index.php?rest_route=\/wp\/v2\/posts\/164\/revisions"}],"predecessor-version":[{"id":168,"href":"https:\/\/www.elcarmel.org\/index.php?rest_route=\/wp\/v2\/posts\/164\/revisions\/168"}],"wp:attachment":[{"href":"https:\/\/www.elcarmel.org\/index.php?rest_route=%2Fwp%2Fv2%2Fmedia&parent=164"}],"wp:term":[{"taxonomy":"category","embeddable":true,"href":"https:\/\/www.elcarmel.org\/index.php?rest_route=%2Fwp%2Fv2%2Fcategories&post=164"},{"taxonomy":"post_tag","embeddable":true,"href":"https:\/\/www.elcarmel.org\/index.php?rest_route=%2Fwp%2Fv2%2Ftags&post=164"}],"curies":[{"name":"wp","href":"https:\/\/api.w.org\/{rel}","templated":true}]}}