{"id":983,"date":"2022-02-28T09:21:00","date_gmt":"2022-02-28T08:21:00","guid":{"rendered":"http:\/\/www.elcarmel.org\/?p=983"},"modified":"2022-03-08T15:44:53","modified_gmt":"2022-03-08T14:44:53","slug":"concurs-de-cartells-de-la-festa-major-del-carmel-2020","status":"publish","type":"post","link":"https:\/\/www.elcarmel.org\/?p=983","title":{"rendered":"Concurs de Cartells de la Festa Major del Carmel 2022"},"content":{"rendered":"\n<p>Participa en el Concurs de Cartells de la Festa Major del Carmel 2022<\/p>\n\n\n\n<p><strong>Format:<\/strong><br> A4 (21X29,7cm) A color. <br><strong> Al cartell ha de figurar:<\/strong><br> Festa Major del Carmel 2022<br> Del 1 al 10 de juliol del 2022<br> Organitza: Comissi\u00f3 de la Festa Major del Carmel<br>Al peu s\u2019ha de reservar un espai per als diferents logos<\/p>\n\n\n\n<h2 class=\"wp-block-heading\">Lliurament fins al 2 de maig de 2022<br><br>PREMI: 150\u20ac<\/h2>\n\n\n\n<p>Lliurar cartell impr\u00e8s amb un pseud\u00f2nim al revers<br> i un sobre tancat amb el nom de l&#8217;autor, adre\u00e7a i tel\u00e8fon.<br> Lliurar CD amb arxiu editable i pdf o enviar per mail a info@elcarmel.org<\/p>\n\n\n\n<p><strong>Llocs on portarlo:<\/strong><\/p>\n\n\n\n<p><strong>Centre C\u00edvic del Carmel (Santuari, 27)<br>Espai Jove Boca Nord (Agudells, 37)<\/strong><br><strong>Casal de Barri La Barraca del Carmel (Llobregos 107)<\/strong><\/p>\n\n\n\n<p><\/p>\n\n\n\n<p><br>L&#8217;autor del cartell guanyador cedeix tots els drets a la Comissi\u00f3 de Festes<br><strong>Bases del concurs<\/strong><br><a href=\"http:\/\/elcarmel.org\/pdfs\/2020\/basesconcurscartells2020.pdf\">Trobaras les bases completes del concurs en aquest enlla\u00e7<\/a><\/p>\n\n\n<p><!--EndFragment--><\/p>\n\n\n<figure class=\"wp-block-image size-large\"><img loading=\"lazy\" decoding=\"async\" width=\"724\" height=\"1024\" src=\"https:\/\/www.elcarmel.org\/wp-content\/uploads\/2022\/03\/concurs-cartells-1-724x1024.jpg\" alt=\"\" class=\"wp-image-1166\" srcset=\"https:\/\/www.elcarmel.org\/wp-content\/uploads\/2022\/03\/concurs-cartells-1-724x1024.jpg 724w, https:\/\/www.elcarmel.org\/wp-content\/uploads\/2022\/03\/concurs-cartells-1-212x300.jpg 212w, https:\/\/www.elcarmel.org\/wp-content\/uploads\/2022\/03\/concurs-cartells-1-768x1086.jpg 768w, https:\/\/www.elcarmel.org\/wp-content\/uploads\/2022\/03\/concurs-cartells-1-1086x1536.jpg 1086w, https:\/\/www.elcarmel.org\/wp-content\/uploads\/2022\/03\/concurs-cartells-1.jpg 1240w\" sizes=\"auto, (max-width: 724px) 100vw, 724px\" \/><\/figure>\n","protected":false},"excerpt":{"rendered":"<p>Participa en el Concurs de Cartells de la Festa Major del Carmel 2022 Format: A4 (21X29,7cm) A color. Al cartell ha de figurar: Festa Major del Carmel 2022 Del 1 al 10 de juliol del 2022 Organitza: Comissi\u00f3 de la Festa Major del CarmelAl peu s\u2019ha de reservar un espai per als diferents logos Lliurament &hellip; <a href=\"https:\/\/www.elcarmel.org\/?p=983\" class=\"more-link\">Sigue leyendo <span class=\"screen-reader-text\">Concurs de Cartells de la Festa Major del Carmel 2022<\/span><\/a><\/p>\n","protected":false},"author":1,"featured_media":0,"comment_status":"open","ping_status":"open","sticky":false,"template":"","format":"standard","meta":{"ngg_post_thumbnail":0,"footnotes":""},"categories":[1],"tags":[],"class_list":["post-983","post","type-post","status-publish","format-standard","hentry","category-sin-categoria"],"_links":{"self":[{"href":"https:\/\/www.elcarmel.org\/index.php?rest_route=\/wp\/v2\/posts\/983","targetHints":{"allow":["GET"]}}],"collection":[{"href":"https:\/\/www.elcarmel.org\/index.php?rest_route=\/wp\/v2\/posts"}],"about":[{"href":"https:\/\/www.elcarmel.org\/index.php?rest_route=\/wp\/v2\/types\/post"}],"author":[{"embeddable":true,"href":"https:\/\/www.elcarmel.org\/index.php?rest_route=\/wp\/v2\/users\/1"}],"replies":[{"embeddable":true,"href":"https:\/\/www.elcarmel.org\/index.php?rest_route=%2Fwp%2Fv2%2Fcomments&post=983"}],"version-history":[{"count":8,"href":"https:\/\/www.elcarmel.org\/index.php?rest_route=\/wp\/v2\/posts\/983\/revisions"}],"predecessor-version":[{"id":1167,"href":"https:\/\/www.elcarmel.org\/index.php?rest_route=\/wp\/v2\/posts\/983\/revisions\/1167"}],"wp:attachment":[{"href":"https:\/\/www.elcarmel.org\/index.php?rest_route=%2Fwp%2Fv2%2Fmedia&parent=983"}],"wp:term":[{"taxonomy":"category","embeddable":true,"href":"https:\/\/www.elcarmel.org\/index.php?rest_route=%2Fwp%2Fv2%2Fcategories&post=983"},{"taxonomy":"post_tag","embeddable":true,"href":"https:\/\/www.elcarmel.org\/index.php?rest_route=%2Fwp%2Fv2%2Ftags&post=983"}],"curies":[{"name":"wp","href":"https:\/\/api.w.org\/{rel}","templated":true}]}}